{"id":15722,"date":"2022-10-26T14:47:18","date_gmt":"2022-10-26T10:47:18","guid":{"rendered":"https:\/\/residency.mu\/?p=15722"},"modified":"2022-11-03T16:34:37","modified_gmt":"2022-11-03T12:34:37","slug":"ouverture-du-restaurant-ischia-par-le-chef-cyril-lignac-a-lile-maurice","status":"publish","type":"post","link":"https:\/\/residency.mu\/fr\/ouverture-du-restaurant-ischia-par-le-chef-cyril-lignac-a-lile-maurice\/","title":{"rendered":"Ouverture du restaurant Ischia par le chef Cyril Lignac  \u00e0 l\u2019\u00eele Maurice"},"content":{"rendered":"<div data-elementor-type=\"wp-post\" data-elementor-id=\"15722\" class=\"elementor elementor-15722\" data-elementor-post-type=\"post\">\n\t\t\t\t\t\t<section class=\"elementor-section elementor-top-section elementor-element elementor-element-85b56d1 elementor-section-full_width elementor-section-height-default elementor-section-height-default qodef-parallax-row-no qodef-content-aligment-left qodef-row-grid-no qodef-disabled-bg-image-bellow-no\" data-id=\"85b56d1\" data-element_type=\"section\" data-settings=\"{&quot;_ha_eqh_enable&quot;:false}\">\n\t\t\t\t\t\t<div class=\"elementor-container elementor-column-gap-default\">\n\t\t\t\t\t<div class=\"elementor-column elementor-col-100 elementor-top-column elementor-element elementor-element-ab4537d\" data-id=\"ab4537d\" data-element_type=\"column\">\n\t\t\t<div class=\"elementor-widget-wrap elementor-element-populated\">\n\t\t\t\t\t\t<div class=\"elementor-element elementor-element-6c4ed28 elementor-widget elementor-widget-image\" data-id=\"6c4ed28\" data-element_type=\"widget\" data-widget_type=\"image.default\">\n\t\t\t\t<div class=\"elementor-widget-container\">\n\t\t\t\t\t\t\t\t\t\t\t\t\t\t<a href=\"https:\/\/foodandsens.com\/non-classe\/ouverture-du-restaurant-ischia-par-le-chef-cyril-lignac-a-lile-maurice\/\" target=\"_blank\">\n\t\t\t\t\t\t\t<img decoding=\"async\" src=\"https:\/\/residency.mu\/wp-content\/uploads\/elementor\/thumbs\/food-and-sens-blog-px5yhwanw8kq0xaqb4x4iysyslatm9lp4qck85qsem.jpg\" title=\"food-and-sens-blog\" alt=\"food-and-sens-blog\" loading=\"lazy\" \/>\t\t\t\t\t\t\t\t<\/a>\n\t\t\t\t\t\t\t\t\t\t\t\t\t<\/div>\n\t\t\t\t<\/div>\n\t\t\t\t\t<\/div>\n\t\t<\/div>\n\t\t\t\t\t<\/div>\n\t\t<\/section>\n\t\t\t\t<section class=\"elementor-section elementor-top-section elementor-element elementor-element-d8ba742 elementor-section-full_width elementor-section-height-default elementor-section-height-default qodef-parallax-row-no qodef-content-aligment-left qodef-row-grid-no qodef-disabled-bg-image-bellow-no\" data-id=\"d8ba742\" data-element_type=\"section\" data-settings=\"{&quot;_ha_eqh_enable&quot;:false}\">\n\t\t\t\t\t\t<div class=\"elementor-container elementor-column-gap-default\">\n\t\t\t\t\t<div class=\"elementor-column elementor-col-100 elementor-top-column elementor-element elementor-element-782610e\" data-id=\"782610e\" data-element_type=\"column\">\n\t\t\t<div class=\"elementor-widget-wrap elementor-element-populated\">\n\t\t\t\t\t\t<div class=\"elementor-element elementor-element-ee4ab09 elementor-widget elementor-widget-text-editor\" data-id=\"ee4ab09\" data-element_type=\"widget\" data-widget_type=\"text-editor.default\">\n\t\t\t\t<div class=\"elementor-widget-container\">\n\t\t\t\t\t\t\t<h3>Deuxi\u00e8me implantation \u00e0 l\u2019\u00e9tranger pour le chef\u00a0<strong>Cyril Lignac<\/strong>, qui apr\u00e8s Londres pose ses couteaux \u00e0 l\u2019\u00eele Maurice au\u00a0<strong><em>Royal Palm Beachcomber Luxury<\/em><\/strong>\u00a0pour une p\u00e9riode de 6 mois.<\/h3>\t\t\t\t\t\t<\/div>\n\t\t\t\t<\/div>\n\t\t\t\t\t<\/div>\n\t\t<\/div>\n\t\t\t\t\t<\/div>\n\t\t<\/section>\n\t\t\t\t<section class=\"elementor-section elementor-top-section elementor-element elementor-element-321ab66 elementor-section-full_width elementor-section-height-default elementor-section-height-default qodef-parallax-row-no qodef-content-aligment-left qodef-row-grid-no qodef-disabled-bg-image-bellow-no\" data-id=\"321ab66\" data-element_type=\"section\" data-settings=\"{&quot;_ha_eqh_enable&quot;:false}\">\n\t\t\t\t\t\t<div class=\"elementor-container elementor-column-gap-default\">\n\t\t\t\t\t<div class=\"elementor-column elementor-col-50 elementor-top-column elementor-element elementor-element-1cd4f5b\" data-id=\"1cd4f5b\" data-element_type=\"column\">\n\t\t\t<div class=\"elementor-widget-wrap elementor-element-populated\">\n\t\t\t\t\t\t<div class=\"elementor-element elementor-element-c278a20 elementor-widget elementor-widget-image\" data-id=\"c278a20\" data-element_type=\"widget\" data-widget_type=\"image.default\">\n\t\t\t\t<div class=\"elementor-widget-container\">\n\t\t\t\t\t\t\t\t\t\t\t\t\t<img decoding=\"async\" src=\"https:\/\/residency.mu\/wp-content\/uploads\/2022\/11\/Screenshot_20221026-123521_Instagram-624x783-1.jpg\" title=\"Screenshot_20221026-123521_Instagram-624&#215;783\" alt=\"Screenshot_20221026-123521_Instagram-624x783\" loading=\"lazy\" \/>\t\t\t\t\t\t\t\t\t\t\t\t\t<\/div>\n\t\t\t\t<\/div>\n\t\t\t\t\t<\/div>\n\t\t<\/div>\n\t\t\t\t<div class=\"elementor-column elementor-col-50 elementor-top-column elementor-element elementor-element-f776ce7\" data-id=\"f776ce7\" data-element_type=\"column\">\n\t\t\t<div class=\"elementor-widget-wrap elementor-element-populated\">\n\t\t\t\t\t\t<div class=\"elementor-element elementor-element-cdba1c4 elementor-widget elementor-widget-text-editor\" data-id=\"cdba1c4\" data-element_type=\"widget\" data-widget_type=\"text-editor.default\">\n\t\t\t\t<div class=\"elementor-widget-container\">\n\t\t\t\t\t\t\t<p>Le chef Lignac a indiqu\u00e9 : \u00ab Ischia s\u2019installe dans l\u2019h\u00f4tel mythique Royal Palm. Merci \u00e0 Isabelle Bouvier et ses \u00e9quipes pour cette formidable aventure ! \u00ab \u2013 Le restaurant Ischia est situ\u00e9 dans le 15\u00e8me arrondissement de Paris, c\u2019est sur cet emplacement que le chef a d\u00e9marr\u00e9 sa carri\u00e8re de chef propri\u00e9taire sous l\u2019enseigne Le Quinzi\u00e8me avant que le restaurant se transforme en table de cuisine italienne.<\/p><p>Le chef Lignac va collaborer avec William Girard, Chef Ex\u00e9cutif au Royal Palm Beachcomber Luxury durant 6 mois de collaboration, en plus de la qualit\u00e9 de la cuisine que va proposer le chef Lignac, c\u2019est un bon \u00ab coup de com \u00bb que r\u00e9alise l\u2019h\u00f4tel, une belle fa\u00e7on de r\u00e9inventer son offre F&amp;B. Cyril Lignac va proposer \u00ab une lecture personnelle et contemporaine \u00bb de la cuisine italienne traditionnelle, il mettra aussi \u00e0 l\u2019honneur des produits mauriciens dans cette nouvelle offre \u00e9ph\u00e9m\u00e8re.<\/p>\t\t\t\t\t\t<\/div>\n\t\t\t\t<\/div>\n\t\t\t\t\t<\/div>\n\t\t<\/div>\n\t\t\t\t\t<\/div>\n\t\t<\/section>\n\t\t\t\t<section class=\"elementor-section elementor-top-section elementor-element elementor-element-1f01dfd elementor-section-full_width elementor-section-height-default elementor-section-height-default qodef-parallax-row-no qodef-content-aligment-left qodef-row-grid-no qodef-disabled-bg-image-bellow-no\" data-id=\"1f01dfd\" data-element_type=\"section\" data-settings=\"{&quot;_ha_eqh_enable&quot;:false}\">\n\t\t\t\t\t\t<div class=\"elementor-container elementor-column-gap-default\">\n\t\t\t\t\t<div class=\"elementor-column elementor-col-50 elementor-top-column elementor-element elementor-element-109dd34\" data-id=\"109dd34\" data-element_type=\"column\">\n\t\t\t<div class=\"elementor-widget-wrap elementor-element-populated\">\n\t\t\t\t\t\t<div class=\"elementor-element elementor-element-fdea5fe elementor-widget elementor-widget-text-editor\" data-id=\"fdea5fe\" data-element_type=\"widget\" data-widget_type=\"text-editor.default\">\n\t\t\t\t<div class=\"elementor-widget-container\">\n\t\t\t\t\t\t\t<p>D\u00e9cid\u00e9ment cet hiver qui d\u00e9marre va attirer les vacanciers \u00e0 l\u2019\u00eele Maurice, car en plus de profiter du soleil, les clients vont pouvoir profiter de belles cuisines de nos chefs fran\u00e7ais, avec donc Cyril Lignac et le tout dernier restaurant de la chef Anne-Sophie Pic qui elle a ouvert en d\u00e9but de mois \u00e0 l\u2019h\u00f4tel Saint G\u00e9ran.<\/p><p>Le chef Lignac a expliqu\u00e9 : \u00ab Le Royal Palm Beachcomber Luxury est un lieu hors du temps. Un lieu o\u00f9 le raffinement et l\u2019art de vivre prennent tout leur sens. Un lieu qui incarne l\u2019hospitalit\u00e9 dans toute son \u00e9l\u00e9gance ! A travers cette collaboration, j\u2019ai \u00e0 c\u0153ur de faire honneur \u00e0 la multiculturalit\u00e9 de l\u2019\u00eele en m\u00ealant les terroirs fran\u00e7ais et mauriciens aux notes italiennes de ma table parisienne Ischia. Une invitation \u00e0 la gourmandise qui, je l\u2019esp\u00e8re, retranscrira tout le plaisir que j\u2019ai eu \u00e0 donner vie \u00e0 ce projet. \u00ab<\/p>\t\t\t\t\t\t<\/div>\n\t\t\t\t<\/div>\n\t\t\t\t\t<\/div>\n\t\t<\/div>\n\t\t\t\t<div class=\"elementor-column elementor-col-50 elementor-top-column elementor-element elementor-element-cc9e104\" data-id=\"cc9e104\" data-element_type=\"column\">\n\t\t\t<div class=\"elementor-widget-wrap elementor-element-populated\">\n\t\t\t\t\t\t<div class=\"elementor-element elementor-element-0970207 elementor-widget elementor-widget-image\" data-id=\"0970207\" data-element_type=\"widget\" data-widget_type=\"image.default\">\n\t\t\t\t<div class=\"elementor-widget-container\">\n\t\t\t\t\t\t\t\t\t\t\t\t\t<img fetchpriority=\"high\" decoding=\"async\" width=\"240\" height=\"300\" src=\"https:\/\/residency.mu\/wp-content\/uploads\/2022\/11\/Screenshot_20221026-123530_Instagram-624x779-1-240x300.jpg\" class=\"attachment-medium size-medium wp-image-15727\" alt=\"\" srcset=\"https:\/\/residency.mu\/wp-content\/uploads\/2022\/11\/Screenshot_20221026-123530_Instagram-624x779-1-240x300.jpg 240w, https:\/\/residency.mu\/wp-content\/uploads\/2022\/11\/Screenshot_20221026-123530_Instagram-624x779-1-10x12.jpg 10w, https:\/\/residency.mu\/wp-content\/uploads\/2022\/11\/Screenshot_20221026-123530_Instagram-624x779-1-600x749.jpg 600w, https:\/\/residency.mu\/wp-content\/uploads\/2022\/11\/Screenshot_20221026-123530_Instagram-624x779-1.jpg 624w\" sizes=\"(max-width: 240px) 100vw, 240px\" \/>\t\t\t\t\t\t\t\t\t\t\t\t\t<\/div>\n\t\t\t\t<\/div>\n\t\t\t\t\t<\/div>\n\t\t<\/div>\n\t\t\t\t\t<\/div>\n\t\t<\/section>\n\t\t\t\t<section class=\"elementor-section elementor-top-section elementor-element elementor-element-244fd73 elementor-section-full_width elementor-section-height-default elementor-section-height-default qodef-parallax-row-no qodef-content-aligment-left qodef-row-grid-no qodef-disabled-bg-image-bellow-no\" data-id=\"244fd73\" data-element_type=\"section\" data-settings=\"{&quot;_ha_eqh_enable&quot;:false}\">\n\t\t\t\t\t\t<div class=\"elementor-container elementor-column-gap-default\">\n\t\t\t\t\t<div class=\"elementor-column elementor-col-100 elementor-top-column elementor-element elementor-element-920e00d\" data-id=\"920e00d\" data-element_type=\"column\">\n\t\t\t<div class=\"elementor-widget-wrap elementor-element-populated\">\n\t\t\t\t\t\t<div class=\"elementor-element elementor-element-f2e3ee8 elementor-widget elementor-widget-text-editor\" data-id=\"f2e3ee8\" data-element_type=\"widget\" data-widget_type=\"text-editor.default\">\n\t\t\t\t<div class=\"elementor-widget-container\">\n\t\t\t\t\t\t\t<p>Source : <strong><a href=\"https:\/\/foodandsens.com\/non-classe\/ouverture-du-restaurant-ischia-par-le-chef-cyril-lignac-a-lile-maurice\/\" target=\"_blank\" rel=\"noopener\">food and sens<\/a><\/strong><\/p>\t\t\t\t\t\t<\/div>\n\t\t\t\t<\/div>\n\t\t\t\t\t<\/div>\n\t\t<\/div>\n\t\t\t\t\t<\/div>\n\t\t<\/section>\n\t\t\t\t<\/div>","protected":false},"excerpt":{"rendered":"<p>Le chef Lignac a indiqu\u00e9 : \u00ab Ischia s\u2019installe dans l\u2019h\u00f4tel mythique Royal Palm. Merci \u00e0 Isabelle Bouvier et ses \u00e9quipes pour cette formidable aventure ! \u00ab  \u2013 Le restaurant Ischia est situ\u00e9 dans le 15\u00e8me arrondissement de Paris, c\u2019est sur cet emplacement que le chef a d\u00e9marr\u00e9 sa carri\u00e8re de chef propri\u00e9taire sous l\u2019enseigne Le Quinzi\u00e8me avant que le restaurant se transforme en table de cuisine italienne.<\/p>","protected":false},"author":3,"featured_media":15731,"comment_status":"closed","ping_status":"open","sticky":false,"template":"","format":"standard","meta":{"om_disable_all_campaigns":false,"_monsterinsights_skip_tracking":false,"_monsterinsights_sitenote_active":false,"_monsterinsights_sitenote_note":"","_monsterinsights_sitenote_category":0,"footnotes":""},"categories":[79,22,81,19,82,80],"tags":[],"class_list":["post-15722","post","type-post","status-publish","format-standard","has-post-thumbnail","hentry","category-acquire","category-invest","category-live","category-news","category-retire","category-work"],"aioseo_notices":[],"yoast_head":"<!-- This site is optimized with the Yoast SEO plugin v27.5 - https:\/\/yoast.com\/product\/yoast-seo-wordpress\/ -->\n<title>Ouverture du restaurant Ischia par le chef Cyril Lignac \u00e0 l\u2019\u00eele Maurice - Residency in Mauritius<\/title>\n<meta name=\"robots\" content=\"index, follow, max-snippet:-1, max-image-preview:large, max-video-preview:-1\" \/>\n<link rel=\"canonical\" href=\"https:\/\/residency.mu\/fr\/ouverture-du-restaurant-ischia-par-le-chef-cyril-lignac-a-lile-maurice\/\" \/>\n<meta property=\"og:locale\" content=\"fr_FR\" \/>\n<meta property=\"og:type\" content=\"article\" \/>\n<meta property=\"og:title\" content=\"Ouverture du restaurant Ischia par le chef Cyril Lignac \u00e0 l\u2019\u00eele Maurice - Residency in Mauritius\" \/>\n<meta property=\"og:description\" content=\"Le chef Lignac a indiqu\u00e9 : \u00ab Ischia s\u2019installe dans l\u2019h\u00f4tel mythique Royal Palm. Merci \u00e0 Isabelle Bouvier et ses \u00e9quipes pour cette formidable aventure ! \u00ab \u2013 Le restaurant Ischia est situ\u00e9 dans le 15\u00e8me arrondissement de Paris, c\u2019est sur cet emplacement que le chef a d\u00e9marr\u00e9 sa carri\u00e8re de chef propri\u00e9taire sous l\u2019enseigne Le Quinzi\u00e8me avant que le restaurant se transforme en table de cuisine italienne.\" \/>\n<meta property=\"og:url\" content=\"https:\/\/residency.mu\/fr\/ouverture-du-restaurant-ischia-par-le-chef-cyril-lignac-a-lile-maurice\/\" \/>\n<meta property=\"og:site_name\" content=\"Residency in Mauritius\" \/>\n<meta property=\"article:published_time\" content=\"2022-10-26T10:47:18+00:00\" \/>\n<meta property=\"article:modified_time\" content=\"2022-11-03T12:34:37+00:00\" \/>\n<meta property=\"og:image\" content=\"https:\/\/residency.mu\/wp-content\/uploads\/2022\/11\/cyril.jpg\" \/>\n\t<meta property=\"og:image:width\" content=\"387\" \/>\n\t<meta property=\"og:image:height\" content=\"218\" \/>\n\t<meta property=\"og:image:type\" content=\"image\/jpeg\" \/>\n<meta name=\"author\" content=\"editors\" \/>\n<meta name=\"twitter:card\" content=\"summary_large_image\" \/>\n<meta name=\"twitter:label1\" content=\"\u00c9crit par\" \/>\n\t<meta name=\"twitter:data1\" content=\"editors\" \/>\n\t<meta name=\"twitter:label2\" content=\"Dur\u00e9e de lecture estim\u00e9e\" \/>\n\t<meta name=\"twitter:data2\" content=\"3 minutes\" \/>\n<script type=\"application\/ld+json\" class=\"yoast-schema-graph\">{\"@context\":\"https:\\\/\\\/schema.org\",\"@graph\":[{\"@type\":\"Article\",\"@id\":\"https:\\\/\\\/residency.mu\\\/ouverture-du-restaurant-ischia-par-le-chef-cyril-lignac-a-lile-maurice\\\/#article\",\"isPartOf\":{\"@id\":\"https:\\\/\\\/residency.mu\\\/ouverture-du-restaurant-ischia-par-le-chef-cyril-lignac-a-lile-maurice\\\/\"},\"author\":{\"name\":\"editors\",\"@id\":\"https:\\\/\\\/residency.mu\\\/#\\\/schema\\\/person\\\/6ad5ac18d0de74505e5ece116da35cb8\"},\"headline\":\"Ouverture du restaurant Ischia par le chef Cyril Lignac \u00e0 l\u2019\u00eele Maurice\",\"datePublished\":\"2022-10-26T10:47:18+00:00\",\"dateModified\":\"2022-11-03T12:34:37+00:00\",\"mainEntityOfPage\":{\"@id\":\"https:\\\/\\\/residency.mu\\\/ouverture-du-restaurant-ischia-par-le-chef-cyril-lignac-a-lile-maurice\\\/\"},\"wordCount\":365,\"publisher\":{\"@id\":\"https:\\\/\\\/residency.mu\\\/#organization\"},\"image\":{\"@id\":\"https:\\\/\\\/residency.mu\\\/ouverture-du-restaurant-ischia-par-le-chef-cyril-lignac-a-lile-maurice\\\/#primaryimage\"},\"thumbnailUrl\":\"https:\\\/\\\/residency.mu\\\/wp-content\\\/uploads\\\/2022\\\/11\\\/cyril.jpg\",\"articleSection\":[\"Acquire\",\"Invest\",\"Live\",\"News\",\"Retire\",\"Work\"],\"inLanguage\":\"fr-FR\"},{\"@type\":\"WebPage\",\"@id\":\"https:\\\/\\\/residency.mu\\\/ouverture-du-restaurant-ischia-par-le-chef-cyril-lignac-a-lile-maurice\\\/\",\"url\":\"https:\\\/\\\/residency.mu\\\/ouverture-du-restaurant-ischia-par-le-chef-cyril-lignac-a-lile-maurice\\\/\",\"name\":\"Ouverture du restaurant Ischia par le chef Cyril Lignac \u00e0 l\u2019\u00eele Maurice - Residency in Mauritius\",\"isPartOf\":{\"@id\":\"https:\\\/\\\/residency.mu\\\/#website\"},\"primaryImageOfPage\":{\"@id\":\"https:\\\/\\\/residency.mu\\\/ouverture-du-restaurant-ischia-par-le-chef-cyril-lignac-a-lile-maurice\\\/#primaryimage\"},\"image\":{\"@id\":\"https:\\\/\\\/residency.mu\\\/ouverture-du-restaurant-ischia-par-le-chef-cyril-lignac-a-lile-maurice\\\/#primaryimage\"},\"thumbnailUrl\":\"https:\\\/\\\/residency.mu\\\/wp-content\\\/uploads\\\/2022\\\/11\\\/cyril.jpg\",\"datePublished\":\"2022-10-26T10:47:18+00:00\",\"dateModified\":\"2022-11-03T12:34:37+00:00\",\"breadcrumb\":{\"@id\":\"https:\\\/\\\/residency.mu\\\/ouverture-du-restaurant-ischia-par-le-chef-cyril-lignac-a-lile-maurice\\\/#breadcrumb\"},\"inLanguage\":\"fr-FR\",\"potentialAction\":[{\"@type\":\"ReadAction\",\"target\":[\"https:\\\/\\\/residency.mu\\\/ouverture-du-restaurant-ischia-par-le-chef-cyril-lignac-a-lile-maurice\\\/\"]}]},{\"@type\":\"ImageObject\",\"inLanguage\":\"fr-FR\",\"@id\":\"https:\\\/\\\/residency.mu\\\/ouverture-du-restaurant-ischia-par-le-chef-cyril-lignac-a-lile-maurice\\\/#primaryimage\",\"url\":\"https:\\\/\\\/residency.mu\\\/wp-content\\\/uploads\\\/2022\\\/11\\\/cyril.jpg\",\"contentUrl\":\"https:\\\/\\\/residency.mu\\\/wp-content\\\/uploads\\\/2022\\\/11\\\/cyril.jpg\",\"width\":387,\"height\":218},{\"@type\":\"BreadcrumbList\",\"@id\":\"https:\\\/\\\/residency.mu\\\/ouverture-du-restaurant-ischia-par-le-chef-cyril-lignac-a-lile-maurice\\\/#breadcrumb\",\"itemListElement\":[{\"@type\":\"ListItem\",\"position\":1,\"name\":\"Home\",\"item\":\"https:\\\/\\\/residency.mu\\\/\"},{\"@type\":\"ListItem\",\"position\":2,\"name\":\"Ouverture du restaurant Ischia par le chef Cyril Lignac \u00e0 l\u2019\u00eele Maurice\"}]},{\"@type\":\"WebSite\",\"@id\":\"https:\\\/\\\/residency.mu\\\/#website\",\"url\":\"https:\\\/\\\/residency.mu\\\/\",\"name\":\"Residency in Mauritius\",\"description\":\"RIM\",\"publisher\":{\"@id\":\"https:\\\/\\\/residency.mu\\\/#organization\"},\"potentialAction\":[{\"@type\":\"SearchAction\",\"target\":{\"@type\":\"EntryPoint\",\"urlTemplate\":\"https:\\\/\\\/residency.mu\\\/?s={search_term_string}\"},\"query-input\":{\"@type\":\"PropertyValueSpecification\",\"valueRequired\":true,\"valueName\":\"search_term_string\"}}],\"inLanguage\":\"fr-FR\"},{\"@type\":\"Organization\",\"@id\":\"https:\\\/\\\/residency.mu\\\/#organization\",\"name\":\"Residency in Mauritius\",\"url\":\"https:\\\/\\\/residency.mu\\\/\",\"logo\":{\"@type\":\"ImageObject\",\"inLanguage\":\"fr-FR\",\"@id\":\"https:\\\/\\\/residency.mu\\\/#\\\/schema\\\/logo\\\/image\\\/\",\"url\":\"https:\\\/\\\/residency.mu\\\/wp-content\\\/uploads\\\/2021\\\/05\\\/EDB_LOGO_Blue-1.png\",\"contentUrl\":\"https:\\\/\\\/residency.mu\\\/wp-content\\\/uploads\\\/2021\\\/05\\\/EDB_LOGO_Blue-1.png\",\"width\":200,\"height\":82,\"caption\":\"Residency in Mauritius\"},\"image\":{\"@id\":\"https:\\\/\\\/residency.mu\\\/#\\\/schema\\\/logo\\\/image\\\/\"}},{\"@type\":\"Person\",\"@id\":\"https:\\\/\\\/residency.mu\\\/#\\\/schema\\\/person\\\/6ad5ac18d0de74505e5ece116da35cb8\",\"name\":\"editors\",\"image\":{\"@type\":\"ImageObject\",\"inLanguage\":\"fr-FR\",\"@id\":\"https:\\\/\\\/secure.gravatar.com\\\/avatar\\\/e6949583ee158c17fcf3006668e672dfac021cae7e5d325f9d611adb610c2d6e?s=96&d=mm&r=g\",\"url\":\"https:\\\/\\\/secure.gravatar.com\\\/avatar\\\/e6949583ee158c17fcf3006668e672dfac021cae7e5d325f9d611adb610c2d6e?s=96&d=mm&r=g\",\"contentUrl\":\"https:\\\/\\\/secure.gravatar.com\\\/avatar\\\/e6949583ee158c17fcf3006668e672dfac021cae7e5d325f9d611adb610c2d6e?s=96&d=mm&r=g\",\"caption\":\"editors\"},\"url\":\"https:\\\/\\\/residency.mu\\\/fr\\\/author\\\/editors\\\/\"}]}<\/script>\n<!-- \/ Yoast SEO plugin. -->","yoast_head_json":{"title":"Ouverture du restaurant Ischia par le chef Cyril Lignac \u00e0 l\u2019\u00eele Maurice - Residency in Mauritius","robots":{"index":"index","follow":"follow","max-snippet":"max-snippet:-1","max-image-preview":"max-image-preview:large","max-video-preview":"max-video-preview:-1"},"canonical":"https:\/\/residency.mu\/fr\/ouverture-du-restaurant-ischia-par-le-chef-cyril-lignac-a-lile-maurice\/","og_locale":"fr_FR","og_type":"article","og_title":"Ouverture du restaurant Ischia par le chef Cyril Lignac \u00e0 l\u2019\u00eele Maurice - Residency in Mauritius","og_description":"Le chef Lignac a indiqu\u00e9 : \u00ab Ischia s\u2019installe dans l\u2019h\u00f4tel mythique Royal Palm. Merci \u00e0 Isabelle Bouvier et ses \u00e9quipes pour cette formidable aventure ! \u00ab \u2013 Le restaurant Ischia est situ\u00e9 dans le 15\u00e8me arrondissement de Paris, c\u2019est sur cet emplacement que le chef a d\u00e9marr\u00e9 sa carri\u00e8re de chef propri\u00e9taire sous l\u2019enseigne Le Quinzi\u00e8me avant que le restaurant se transforme en table de cuisine italienne.","og_url":"https:\/\/residency.mu\/fr\/ouverture-du-restaurant-ischia-par-le-chef-cyril-lignac-a-lile-maurice\/","og_site_name":"Residency in Mauritius","article_published_time":"2022-10-26T10:47:18+00:00","article_modified_time":"2022-11-03T12:34:37+00:00","og_image":[{"width":387,"height":218,"url":"https:\/\/residency.mu\/wp-content\/uploads\/2022\/11\/cyril.jpg","type":"image\/jpeg"}],"author":"editors","twitter_card":"summary_large_image","twitter_misc":{"\u00c9crit par":"editors","Dur\u00e9e de lecture estim\u00e9e":"3 minutes"},"schema":{"@context":"https:\/\/schema.org","@graph":[{"@type":"Article","@id":"https:\/\/residency.mu\/ouverture-du-restaurant-ischia-par-le-chef-cyril-lignac-a-lile-maurice\/#article","isPartOf":{"@id":"https:\/\/residency.mu\/ouverture-du-restaurant-ischia-par-le-chef-cyril-lignac-a-lile-maurice\/"},"author":{"name":"editors","@id":"https:\/\/residency.mu\/#\/schema\/person\/6ad5ac18d0de74505e5ece116da35cb8"},"headline":"Ouverture du restaurant Ischia par le chef Cyril Lignac \u00e0 l\u2019\u00eele Maurice","datePublished":"2022-10-26T10:47:18+00:00","dateModified":"2022-11-03T12:34:37+00:00","mainEntityOfPage":{"@id":"https:\/\/residency.mu\/ouverture-du-restaurant-ischia-par-le-chef-cyril-lignac-a-lile-maurice\/"},"wordCount":365,"publisher":{"@id":"https:\/\/residency.mu\/#organization"},"image":{"@id":"https:\/\/residency.mu\/ouverture-du-restaurant-ischia-par-le-chef-cyril-lignac-a-lile-maurice\/#primaryimage"},"thumbnailUrl":"https:\/\/residency.mu\/wp-content\/uploads\/2022\/11\/cyril.jpg","articleSection":["Acquire","Invest","Live","News","Retire","Work"],"inLanguage":"fr-FR"},{"@type":"WebPage","@id":"https:\/\/residency.mu\/ouverture-du-restaurant-ischia-par-le-chef-cyril-lignac-a-lile-maurice\/","url":"https:\/\/residency.mu\/ouverture-du-restaurant-ischia-par-le-chef-cyril-lignac-a-lile-maurice\/","name":"Ouverture du restaurant Ischia par le chef Cyril Lignac \u00e0 l\u2019\u00eele Maurice - Residency in Mauritius","isPartOf":{"@id":"https:\/\/residency.mu\/#website"},"primaryImageOfPage":{"@id":"https:\/\/residency.mu\/ouverture-du-restaurant-ischia-par-le-chef-cyril-lignac-a-lile-maurice\/#primaryimage"},"image":{"@id":"https:\/\/residency.mu\/ouverture-du-restaurant-ischia-par-le-chef-cyril-lignac-a-lile-maurice\/#primaryimage"},"thumbnailUrl":"https:\/\/residency.mu\/wp-content\/uploads\/2022\/11\/cyril.jpg","datePublished":"2022-10-26T10:47:18+00:00","dateModified":"2022-11-03T12:34:37+00:00","breadcrumb":{"@id":"https:\/\/residency.mu\/ouverture-du-restaurant-ischia-par-le-chef-cyril-lignac-a-lile-maurice\/#breadcrumb"},"inLanguage":"fr-FR","potentialAction":[{"@type":"ReadAction","target":["https:\/\/residency.mu\/ouverture-du-restaurant-ischia-par-le-chef-cyril-lignac-a-lile-maurice\/"]}]},{"@type":"ImageObject","inLanguage":"fr-FR","@id":"https:\/\/residency.mu\/ouverture-du-restaurant-ischia-par-le-chef-cyril-lignac-a-lile-maurice\/#primaryimage","url":"https:\/\/residency.mu\/wp-content\/uploads\/2022\/11\/cyril.jpg","contentUrl":"https:\/\/residency.mu\/wp-content\/uploads\/2022\/11\/cyril.jpg","width":387,"height":218},{"@type":"BreadcrumbList","@id":"https:\/\/residency.mu\/ouverture-du-restaurant-ischia-par-le-chef-cyril-lignac-a-lile-maurice\/#breadcrumb","itemListElement":[{"@type":"ListItem","position":1,"name":"Home","item":"https:\/\/residency.mu\/"},{"@type":"ListItem","position":2,"name":"Ouverture du restaurant Ischia par le chef Cyril Lignac \u00e0 l\u2019\u00eele Maurice"}]},{"@type":"WebSite","@id":"https:\/\/residency.mu\/#website","url":"https:\/\/residency.mu\/","name":"Residency in Mauritius","description":"RIM","publisher":{"@id":"https:\/\/residency.mu\/#organization"},"potentialAction":[{"@type":"SearchAction","target":{"@type":"EntryPoint","urlTemplate":"https:\/\/residency.mu\/?s={search_term_string}"},"query-input":{"@type":"PropertyValueSpecification","valueRequired":true,"valueName":"search_term_string"}}],"inLanguage":"fr-FR"},{"@type":"Organization","@id":"https:\/\/residency.mu\/#organization","name":"Residency in Mauritius","url":"https:\/\/residency.mu\/","logo":{"@type":"ImageObject","inLanguage":"fr-FR","@id":"https:\/\/residency.mu\/#\/schema\/logo\/image\/","url":"https:\/\/residency.mu\/wp-content\/uploads\/2021\/05\/EDB_LOGO_Blue-1.png","contentUrl":"https:\/\/residency.mu\/wp-content\/uploads\/2021\/05\/EDB_LOGO_Blue-1.png","width":200,"height":82,"caption":"Residency in Mauritius"},"image":{"@id":"https:\/\/residency.mu\/#\/schema\/logo\/image\/"}},{"@type":"Person","@id":"https:\/\/residency.mu\/#\/schema\/person\/6ad5ac18d0de74505e5ece116da35cb8","name":"editors","image":{"@type":"ImageObject","inLanguage":"fr-FR","@id":"https:\/\/secure.gravatar.com\/avatar\/e6949583ee158c17fcf3006668e672dfac021cae7e5d325f9d611adb610c2d6e?s=96&d=mm&r=g","url":"https:\/\/secure.gravatar.com\/avatar\/e6949583ee158c17fcf3006668e672dfac021cae7e5d325f9d611adb610c2d6e?s=96&d=mm&r=g","contentUrl":"https:\/\/secure.gravatar.com\/avatar\/e6949583ee158c17fcf3006668e672dfac021cae7e5d325f9d611adb610c2d6e?s=96&d=mm&r=g","caption":"editors"},"url":"https:\/\/residency.mu\/fr\/author\/editors\/"}]}},"_links":{"self":[{"href":"https:\/\/residency.mu\/fr\/wp-json\/wp\/v2\/posts\/15722","targetHints":{"allow":["GET"]}}],"collection":[{"href":"https:\/\/residency.mu\/fr\/wp-json\/wp\/v2\/posts"}],"about":[{"href":"https:\/\/residency.mu\/fr\/wp-json\/wp\/v2\/types\/post"}],"author":[{"embeddable":true,"href":"https:\/\/residency.mu\/fr\/wp-json\/wp\/v2\/users\/3"}],"replies":[{"embeddable":true,"href":"https:\/\/residency.mu\/fr\/wp-json\/wp\/v2\/comments?post=15722"}],"version-history":[{"count":8,"href":"https:\/\/residency.mu\/fr\/wp-json\/wp\/v2\/posts\/15722\/revisions"}],"predecessor-version":[{"id":15734,"href":"https:\/\/residency.mu\/fr\/wp-json\/wp\/v2\/posts\/15722\/revisions\/15734"}],"wp:featuredmedia":[{"embeddable":true,"href":"https:\/\/residency.mu\/fr\/wp-json\/wp\/v2\/media\/15731"}],"wp:attachment":[{"href":"https:\/\/residency.mu\/fr\/wp-json\/wp\/v2\/media?parent=15722"}],"wp:term":[{"taxonomy":"category","embeddable":true,"href":"https:\/\/residency.mu\/fr\/wp-json\/wp\/v2\/categories?post=15722"},{"taxonomy":"post_tag","embeddable":true,"href":"https:\/\/residency.mu\/fr\/wp-json\/wp\/v2\/tags?post=15722"}],"curies":[{"name":"wp","href":"https:\/\/api.w.org\/{rel}","templated":true}]}}